{"id":17695,"date":"2026-09-02T07:59:12","date_gmt":"2026-09-02T05:59:12","guid":{"rendered":"https:\/\/www.capilclinic.fr\/blog\/?p=17695"},"modified":"2026-09-03T14:36:20","modified_gmt":"2026-09-03T12:36:20","slug":"greffe-de-cheveux-nombre-de-uf-par-zone-a-couvrir","status":"publish","type":"post","link":"https:\/\/www.capilclinic.fr\/blog\/greffe-de-cheveux-nombre-de-uf-par-zone-a-couvrir\/","title":{"rendered":"Greffe de cheveux : nombre de UF par zone \u00e0 couvrir"},"content":{"rendered":"<div id=\"ez-toc-container\" class=\"ez-toc-v2_0_87 counter-hierarchy ez-toc-counter ez-toc-grey ez-toc-container-direction\">\n<p class=\"ez-toc-title\" style=\"cursor:inherit\">Indice<\/p>\n<label for=\"ez-toc-cssicon-toggle-item-6a9a5f5acdaca\" class=\"ez-toc-cssicon-toggle-label\"><span class=\"\"><span class=\"eztoc-hide\" style=\"display:none;\">Toggle<\/span><span class=\"ez-toc-icon-toggle-span\"><svg style=\"fill: #999;color:#999\" xmlns=\"http:\/\/www.w3.org\/2000\/svg\" class=\"list-377408\" width=\"20px\" height=\"20px\" viewBox=\"0 0 24 24\" fill=\"none\"><path d=\"M6 6H4v2h2V6zm14 0H8v2h12V6zM4 11h2v2H4v-2zm16 0H8v2h12v-2zM4 16h2v2H4v-2zm16 0H8v2h12v-2z\" fill=\"currentColor\"><\/path><\/svg><svg style=\"fill: #999;color:#999\" class=\"arrow-unsorted-368013\" xmlns=\"http:\/\/www.w3.org\/2000\/svg\" width=\"10px\" height=\"10px\" viewBox=\"0 0 24 24\" version=\"1.2\" baseProfile=\"tiny\"><path d=\"M18.2 9.3l-6.2-6.3-6.2 6.3c-.2.2-.3.4-.3.7s.1.5.3.7c.2.2.4.3.7.3h11c.3 0 .5-.1.7-.3.2-.2.3-.5.3-.7s-.1-.5-.3-.7zM5.8 14.7l6.2 6.3 6.2-6.3c.2-.2.3-.5.3-.7s-.1-.5-.3-.7c-.2-.2-.4-.3-.7-.3h-11c-.3 0-.5.1-.7.3-.2.2-.3.5-.3.7s.1.5.3.7z\"\/><\/svg><\/span><\/span><\/label><input type=\"checkbox\"  id=\"ez-toc-cssicon-toggle-item-6a9a5f5acdaca\"  aria-label=\"Toggle\" \/><nav><ul class='ez-toc-list ez-toc-list-level-1 ' ><li class='ez-toc-page-1 ez-toc-heading-level-2'><a class=\"ez-toc-link ez-toc-heading-1\" href=\"https:\/\/www.capilclinic.fr\/blog\/greffe-de-cheveux-nombre-de-uf-par-zone-a-couvrir\/#Pourquoi_la_greffe_de_cheveux_nombre_de_uf_par_zone_a_couvrir_est-elle_variable\" >Pourquoi la greffe de cheveux nombre de uf par zone \u00e0 couvrir est-elle variable ?<\/a><\/li><li class='ez-toc-page-1 ez-toc-heading-level-2'><a class=\"ez-toc-link ez-toc-heading-2\" href=\"https:\/\/www.capilclinic.fr\/blog\/greffe-de-cheveux-nombre-de-uf-par-zone-a-couvrir\/#Repartition_standard_des_unites_folliculaires_UF_par_zone\" >R\u00e9partition standard des unit\u00e9s folliculaires (UF) par zone<\/a><\/li><li class='ez-toc-page-1 ez-toc-heading-level-2'><a class=\"ez-toc-link ez-toc-heading-3\" href=\"https:\/\/www.capilclinic.fr\/blog\/greffe-de-cheveux-nombre-de-uf-par-zone-a-couvrir\/#Tableau_recapitulatif_des_besoins_selon_lechelle_de_Norwood\" >Tableau r\u00e9capitulatif des besoins selon l&rsquo;\u00e9chelle de Norwood<\/a><\/li><li class='ez-toc-page-1 ez-toc-heading-level-2'><a class=\"ez-toc-link ez-toc-heading-4\" href=\"https:\/\/www.capilclinic.fr\/blog\/greffe-de-cheveux-nombre-de-uf-par-zone-a-couvrir\/#Analyse_detaillee_par_secteur_strategique\" >Analyse d\u00e9taill\u00e9e par secteur strat\u00e9gique<\/a><ul class='ez-toc-list-level-3' ><li class='ez-toc-heading-level-3'><a class=\"ez-toc-link ez-toc-heading-5\" href=\"https:\/\/www.capilclinic.fr\/blog\/greffe-de-cheveux-nombre-de-uf-par-zone-a-couvrir\/#La_ligne_frontale_lart_de_la_densite_naturelle\" >La ligne frontale : l&rsquo;art de la densit\u00e9 naturelle<\/a><\/li><li class='ez-toc-page-1 ez-toc-heading-level-3'><a class=\"ez-toc-link ez-toc-heading-6\" href=\"https:\/\/www.capilclinic.fr\/blog\/greffe-de-cheveux-nombre-de-uf-par-zone-a-couvrir\/#Le_mid-scalp_le_volume_central\" >Le mid-scalp : le volume central<\/a><\/li><li class='ez-toc-page-1 ez-toc-heading-level-3'><a class=\"ez-toc-link ez-toc-heading-7\" href=\"https:\/\/www.capilclinic.fr\/blog\/greffe-de-cheveux-nombre-de-uf-par-zone-a-couvrir\/#Le_Vertex_le_defi_de_la_spirale\" >Le Vertex : le d\u00e9fi de la spirale<\/a><\/li><li class='ez-toc-page-1 ez-toc-heading-level-3'><a class=\"ez-toc-link ez-toc-heading-8\" href=\"https:\/\/www.capilclinic.fr\/blog\/greffe-de-cheveux-nombre-de-uf-par-zone-a-couvrir\/#Alternatives_et_complements_de_densite\" >Alternatives et compl\u00e9ments de densit\u00e9<\/a><\/li><\/ul><\/li><li class='ez-toc-page-1 ez-toc-heading-level-2'><a class=\"ez-toc-link ez-toc-heading-9\" href=\"https:\/\/www.capilclinic.fr\/blog\/greffe-de-cheveux-nombre-de-uf-par-zone-a-couvrir\/#Questions_frequentes\" >Questions fr\u00e9quentes<\/a><ul class='ez-toc-list-level-3' ><li class='ez-toc-heading-level-3'><a class=\"ez-toc-link ez-toc-heading-10\" href=\"https:\/\/www.capilclinic.fr\/blog\/greffe-de-cheveux-nombre-de-uf-par-zone-a-couvrir\/#Quelle_est_la_densite_maximale_par_cm%C2%B2\" >Quelle est la densit\u00e9 maximale par cm\u00b2 ?<\/a><\/li><li class='ez-toc-page-1 ez-toc-heading-level-3'><a class=\"ez-toc-link ez-toc-heading-11\" href=\"https:\/\/www.capilclinic.fr\/blog\/greffe-de-cheveux-nombre-de-uf-par-zone-a-couvrir\/#Peut-on_transplanter_trop_de_greffons_dun_coup\" >Peut-on transplanter trop de greffons d&rsquo;un coup ?<\/a><\/li><li class='ez-toc-page-1 ez-toc-heading-level-3'><a class=\"ez-toc-link ez-toc-heading-12\" href=\"https:\/\/www.capilclinic.fr\/blog\/greffe-de-cheveux-nombre-de-uf-par-zone-a-couvrir\/#Combien_coute_lintervention_selon_le_nombre_de_greffons\" >Combien co\u00fbte l&rsquo;intervention selon le nombre de greffons ?<\/a><\/li><li class='ez-toc-page-1 ez-toc-heading-level-3'><a class=\"ez-toc-link ez-toc-heading-13\" href=\"https:\/\/www.capilclinic.fr\/blog\/greffe-de-cheveux-nombre-de-uf-par-zone-a-couvrir\/#Le_type_de_cheveu_influence-t-il_le_nombre_de_UF\" >Le type de cheveu influence-t-il le nombre de UF ?<\/a><\/li><\/ul><\/li><li class='ez-toc-page-1 ez-toc-heading-level-2'><a class=\"ez-toc-link ez-toc-heading-14\" href=\"https:\/\/www.capilclinic.fr\/blog\/greffe-de-cheveux-nombre-de-uf-par-zone-a-couvrir\/#Conclusion\" >Conclusion<\/a><\/li><\/ul><\/nav><\/div>\n<p>L&rsquo;une des questions les plus fr\u00e9quentes lors d&rsquo;une consultation capillaire concerne la quantit\u00e9 de follicules n\u00e9cessaires pour obtenir un r\u00e9sultat esth\u00e9tique satisfaisant. D\u00e9terminer avec pr\u00e9cision une <b>greffe de cheveux nombre de uf par zone \u00e0 couvrir<\/b> est l&rsquo;\u00e9tape cruciale pour planifier une intervention r\u00e9ussie et harmonieuse<b>.<\/b> Chaque patient pr\u00e9sente des besoins sp\u00e9cifiques selon l&rsquo;avancement de son alop\u00e9cie sur les diff\u00e9rentes zones du <strong>cuir chevelu<\/strong>. <a href=\"https:\/\/www.capilclinic.fr\/blog\/sante-mentale-hommes-cheveux\/\" target=\"_blank\" rel=\"noopener\">L&rsquo;impact de la <strong>calvitie<\/strong> sur la sant\u00e9 mentale des hommes<\/a> souligne l&rsquo;importance d&rsquo;un diagnostic pr\u00e9cis pour restaurer durablement la confiance en soi. Les chirurgiens sp\u00e9cialis\u00e9s calculent rigoureusement la densit\u00e9 n\u00e9cessaire pour cr\u00e9er une ligne frontale naturelle et couvrir le sommet du cr\u00e2ne. Cette analyse math\u00e9matique garantit une r\u00e9partition optimale des ressources disponibles dans votre zone donneuse sans jamais l&rsquo;\u00e9puiser inutilement.<\/p>\n<p>Le calcul des unit\u00e9s folliculaires d\u00e9pend directement de la surface totale \u00e0 traiter lors de votre op\u00e9ration chirurgicale personnalis\u00e9e. Les experts recommandent g\u00e9n\u00e9ralement une densit\u00e9 minimale pour masquer visiblement la <strong>perte de cheveux<\/strong> sur les zones les plus d\u00e9garnies. Une \u00e9valuation minutieuse de la qualit\u00e9 de vos cheveux existants permet d&rsquo;ajuster le nombre exact de greffons \u00e0 transplanter. Cette \u00e9tape pr\u00e9paratoire \u00e9vite les mauvaises surprises et assure une couverture homog\u00e8ne sur l&rsquo;ensemble de la chevelure trait\u00e9e. Les protocoles modernes favorisent d\u00e9sormais une approche sur mesure pour maximiser le rendu visuel de chaque intervention capillaire r\u00e9alis\u00e9e.<\/p>\n<h2><span class=\"ez-toc-section\" id=\"Pourquoi_la_greffe_de_cheveux_nombre_de_uf_par_zone_a_couvrir_est-elle_variable\"><\/span>Pourquoi la greffe de cheveux nombre de uf par zone \u00e0 couvrir est-elle variable ?<span class=\"ez-toc-section-end\"><\/span><\/h2>\n<p><img loading=\"lazy\" decoding=\"async\" class=\"aligncenter wp-image-17672\" src=\"https:\/\/www.capilclinic.fr\/blog\/wp-content\/uploads\/2026\/04\/Soins-et-lavage-post-greffe-300x210.jpg\" alt=\"Greffe de cheveux : nombre de UF par zone \u00e0 couvrir\" width=\"573\" height=\"400\" srcset=\"https:\/\/www.capilclinic.fr\/blog\/wp-content\/uploads\/2026\/04\/Soins-et-lavage-post-greffe-300x210.jpg 300w, https:\/\/www.capilclinic.fr\/blog\/wp-content\/uploads\/2026\/04\/Soins-et-lavage-post-greffe-768x536.jpg 768w, https:\/\/www.capilclinic.fr\/blog\/wp-content\/uploads\/2026\/04\/Soins-et-lavage-post-greffe.jpg 882w\" sizes=\"auto, (max-width: 573px) 100vw, 573px\" \/><\/p>\n<p>La variabilit\u00e9 du calcul s\u2019explique par des crit\u00e8res morphologiques essentiels comme l&rsquo;\u00e9paisseur naturelle de vos propres cheveux existants. Un contraste de couleur marqu\u00e9 entre la peau et le cheveu influence \u00e9galement la perception visuelle de la densit\u00e9. <b>D\u00e9terminer avec pr\u00e9cision une greffe de cheveux nombre de uf par zone \u00e0 couvrir<\/b> d\u00e9pend aussi de l&rsquo;\u00e9lasticit\u00e9 cutan\u00e9e. L&rsquo;objectif principal consiste \u00e0 simuler parfaitement la nature sans \u00e9puiser inutilement votre zone donneuse pour le futur proche.<\/p>\n<p>Les chirurgiens sp\u00e9cialis\u00e9s cherchent toujours un \u00e9quilibre optimal entre le volume esth\u00e9tique souhait\u00e9 et vos ressources biologiques disponibles. L&rsquo;organisation internationale <a href=\"https:\/\/ishrs.org\" target=\"_blank\" rel=\"nofollow noopener\">ISHRS<\/a> d\u00e9finit d&rsquo;ailleurs des standards rigoureux pour la standardisation des unit\u00e9s folliculaires \u00e0 travers le monde. Cette approche personnalis\u00e9e garantit une couverture homog\u00e8ne tout en pr\u00e9servant durablement la sant\u00e9 de votre <strong>cuir chevelu<\/strong> trait\u00e9. Une analyse technique approfondie permet ainsi d&rsquo;ajuster chaque greffon selon les besoins sp\u00e9cifiques de votre calvitie individuelle.<\/p>\n<h2><span class=\"ez-toc-section\" id=\"Repartition_standard_des_unites_folliculaires_UF_par_zone\"><\/span>R\u00e9partition standard des unit\u00e9s folliculaires (UF) par zone<span class=\"ez-toc-section-end\"><\/span><\/h2>\n<p><img loading=\"lazy\" decoding=\"async\" class=\"aligncenter wp-image-17373\" src=\"https:\/\/www.capilclinic.fr\/blog\/wp-content\/uploads\/2025\/10\/Y-a-t-il-un-risque-de-rejet-de-la-greffe-de-cheveux--300x200.jpg\" alt=\"Y a-t-il un risque de rejet de la greffe de cheveux\" width=\"600\" height=\"400\" srcset=\"https:\/\/www.capilclinic.fr\/blog\/wp-content\/uploads\/2025\/10\/Y-a-t-il-un-risque-de-rejet-de-la-greffe-de-cheveux--300x200.jpg 300w, https:\/\/www.capilclinic.fr\/blog\/wp-content\/uploads\/2025\/10\/Y-a-t-il-un-risque-de-rejet-de-la-greffe-de-cheveux-.jpg 613w\" sizes=\"auto, (max-width: 600px) 100vw, 600px\" \/><\/p>\n<p>Chaque partie du cuir chevelu n\u00e9cessite une attention particuli\u00e8re pour respecter scrupuleusement l&rsquo;inclinaison naturelle de votre chevelure d&rsquo;origine. <strong>Les chirurgiens sp\u00e9cialis\u00e9s calculent pr\u00e9cis\u00e9ment le nombre de greffons n\u00e9cessaires pour obtenir une densit\u00e9 visuelle parfaitement homog\u00e8ne et naturelle.<\/strong><\/p>\n<ul>\n<li><b>Ligne frontale :<\/b> Cette zone exige environ 500 \u00e0 1 500 unit\u00e9s pour red\u00e9finir harmonieusement les contours de votre visage.<\/li>\n<li><b>Zones temporales :<\/b> Vous devez pr\u00e9voir environ 200 \u00e0 500 unit\u00e9s par c\u00f4t\u00e9 pour combler efficacement vos golfes frontaux d\u00e9garnis.<\/li>\n<li><b>Zone centrale (Mid-scalp) :<\/b> Un apport entre 1 000 et 2 000 unit\u00e9s assure une densit\u00e9 centrale robuste pour votre nouvelle coiffure.<\/li>\n<li><b>Vertex (La couronne) :<\/b> Cette r\u00e9gion circulaire peut n\u00e9cessiter jusqu&rsquo;\u00e0 2 500 unit\u00e9s pour masquer totalement la perte de cheveux importante.<\/li>\n<\/ul>\n<p>Le m\u00e9decin adapte syst\u00e9matiquement ces chiffres standards en fonction de la souplesse et de l&rsquo;\u00e9paisseur de votre cuir chevelu. Cette planification rigoureuse permet de cr\u00e9er un r\u00e9sultat esth\u00e9tique coh\u00e9rent qui transforme durablement votre apparence physique de mani\u00e8re positive. Une r\u00e9partition intelligente des follicules disponibles garantit finalement un \u00e9quilibre parfait entre la zone donneuse et les zones receveuses.<\/p>\n<h2><span class=\"ez-toc-section\" id=\"Tableau_recapitulatif_des_besoins_selon_lechelle_de_Norwood\"><\/span>Tableau r\u00e9capitulatif des besoins selon l&rsquo;\u00e9chelle de Norwood<span class=\"ez-toc-section-end\"><\/span><\/h2>\n<p><img loading=\"lazy\" decoding=\"async\" class=\"aligncenter wp-image-17001\" src=\"https:\/\/www.capilclinic.fr\/blog\/wp-content\/uploads\/2025\/08\/Equipement-de-Pointe-pour-la-Greffe-300x219.png\" alt=\"Int\u00e9rieur d'une clinique de greffe de cheveux en Turquie\" width=\"548\" height=\"400\" srcset=\"https:\/\/www.capilclinic.fr\/blog\/wp-content\/uploads\/2025\/08\/Equipement-de-Pointe-pour-la-Greffe-300x219.png 300w, https:\/\/www.capilclinic.fr\/blog\/wp-content\/uploads\/2025\/08\/Equipement-de-Pointe-pour-la-Greffe-768x560.png 768w, https:\/\/www.capilclinic.fr\/blog\/wp-content\/uploads\/2025\/08\/Equipement-de-Pointe-pour-la-Greffe.png 1024w\" sizes=\"auto, (max-width: 548px) 100vw, 548px\" \/><\/p>\n<p><strong>L&rsquo;\u00e9chelle de Norwood permet aux chirurgiens de quantifier pr\u00e9cis\u00e9ment les besoins en unit\u00e9s folliculaires pour chaque patient souffrant d&rsquo;alop\u00e9cie.<\/strong> Pour un Stade II caract\u00e9ris\u00e9 par un recul l\u00e9ger des golfes, vous devez pr\u00e9voir entre 1 000 et 1 500 unit\u00e9s. Le Stade III montre un creusement marqu\u00e9 des tempes n\u00e9cessitant une implantation situ\u00e9e entre 1 500 et 2 500 greffons. Concernant le Stade IV, l&rsquo;\u00e9claircissement du vertex impose g\u00e9n\u00e9ralement une extraction massive de 2 500 \u00e0 3 500 follicules sains.<\/p>\n<table>\n<thead>\n<tr>\n<td><strong>Stade de calvitie<\/strong><\/td>\n<td><strong>Description simplifi\u00e9e<\/strong><\/td>\n<td><strong>Estimation totale des UF<\/strong><\/td>\n<\/tr>\n<\/thead>\n<tbody>\n<tr>\n<td><b>Stade II<\/b><\/td>\n<td>Recul l\u00e9ger des golfes<\/td>\n<td>1 000 &#8211; 1 500 UF<\/td>\n<\/tr>\n<tr>\n<td><b>Stade III<\/b><\/td>\n<td>Creusement marqu\u00e9 des tempes<\/td>\n<td>1 500 &#8211; 2 500 UF<\/td>\n<\/tr>\n<tr>\n<td><b>Stade IV<\/b><\/td>\n<td>\u00c9claircissement du vertex<\/td>\n<td>2 500 &#8211; 3 500 UF<\/td>\n<\/tr>\n<tr>\n<td><b>Stade V\/VI<\/b><\/td>\n<td>Calvitie \u00e9tendue<\/td>\n<td>4 000 &#8211; 6 000+ UF<\/td>\n<\/tr>\n<\/tbody>\n<\/table>\n<p>Les Stades V et VI repr\u00e9sentent une calvitie \u00e9tendue exigeant souvent plus de 4 000 \u00e0 6 000 unit\u00e9s totales. Ces estimations chiffr\u00e9es guident les sp\u00e9cialistes pour planifier une<strong> restauration capillaire<\/strong> harmonieuse et parfaitement adapt\u00e9e \u00e0 votre profil. Une analysis rigoureuse de votre zone donneuse valide finalement la faisabilit\u00e9 technique de ces volumes de transplantation importants<\/p>\n<h2><span class=\"ez-toc-section\" id=\"Analyse_detaillee_par_secteur_strategique\"><\/span>Analyse d\u00e9taill\u00e9e par secteur strat\u00e9gique<span class=\"ez-toc-section-end\"><\/span><\/h2>\n<h3><span class=\"ez-toc-section\" id=\"La_ligne_frontale_lart_de_la_densite_naturelle\"><\/span>La ligne frontale : l&rsquo;art de la densit\u00e9 naturelle<span class=\"ez-toc-section-end\"><\/span><\/h3>\n<p><img loading=\"lazy\" decoding=\"async\" class=\"aligncenter wp-image-16925\" src=\"https:\/\/www.capilclinic.fr\/blog\/wp-content\/uploads\/2025\/08\/comparaison-tarif-greffe-france-turquie-300x199.jpg\" alt=\"Comparaison des tarifs de greffe de cheveux entre la France et la Turquie\" width=\"600\" height=\"398\" srcset=\"https:\/\/www.capilclinic.fr\/blog\/wp-content\/uploads\/2025\/08\/comparaison-tarif-greffe-france-turquie-300x199.jpg 300w, https:\/\/www.capilclinic.fr\/blog\/wp-content\/uploads\/2025\/08\/comparaison-tarif-greffe-france-turquie.jpg 723w\" sizes=\"auto, (max-width: 600px) 100vw, 600px\" \/><\/p>\n<p>La cr\u00e9ation d&rsquo;une ligne frontale harmonieuse n\u00e9cessite une ma\u00eetrise technique absolue pour imiter parfaitement l&rsquo;implantation des cheveux naturels. Les chirurgiens utilisent exclusivement des unit\u00e9s folliculaires simples contenant un seul cheveu pour dessiner soigneusement les premiers millim\u00e8tres frontaux. Cette m\u00e9thode pr\u00e9cise \u00e9vite totalement l&rsquo;aspect inesth\u00e9tique des cheveux de poup\u00e9e qui caract\u00e9risait les anciennes <strong>techniques de greffe capillaire.<\/strong><\/p>\n<p>Vous obtenez ainsi une transition douce et ind\u00e9tectable entre votre front et la zone dense de votre chevelure. Chaque greffon doit suivre un angle d&rsquo;inclinaison sp\u00e9cifique pour respecter le mouvement naturel de vos propres cheveux existants. Une densit\u00e9 progressive renforce consid\u00e9rablement le r\u00e9alisme du r\u00e9sultat final tout en structurant durablement les traits de votre visage. Cette approche artistique garantit une apparence rajeunie qui s&rsquo;int\u00e8gre harmonieusement \u00e0 votre physionomie globale sans aucune trace visible.<\/p>\n<h3><span class=\"ez-toc-section\" id=\"Le_mid-scalp_le_volume_central\"><\/span>Le mid-scalp : le volume central<span class=\"ez-toc-section-end\"><\/span><\/h3>\n<p><strong>Le mid-scalp assure une transition esth\u00e9tique fluide entre la ligne frontale et le sommet de votre cr\u00e2ne d\u00e9garni.<\/strong> Cette zone strat\u00e9gique n\u00e9cessite une gestion rigoureuse de la densit\u00e9 pour obtenir une couverture parfaitement uniforme et naturelle. La <a href=\"https:\/\/www.sofcep.org\" target=\"_blank\" rel=\"nofollow noopener\">Soci\u00e9t\u00e9 Fran\u00e7aise de Chirurgie Plastique<\/a> (SOFCEP) valide l&rsquo;importance de cette \u00e9tape lors d&rsquo;une restauration capillaire compl\u00e8te. Les chirurgiens sp\u00e9cialis\u00e9s orientent chaque greffon avec pr\u00e9cision pour respecter le mouvement originel de votre chevelure de naissance.<\/p>\n<p>Une implantation dense dans ce secteur central \u00e9vite les effets de transparence sous les lumi\u00e8res directes du quotidien. Cette technique avanc\u00e9e renforce la structure globale de votre coiffure tout en camouflant efficacement les signes de l&rsquo;alop\u00e9cie. Un mid-scalp bien trait\u00e9 garantit finalement une harmonie visuelle indispensable \u00e0 la r\u00e9ussite de votre transformation physique.<\/p>\n<h3><span class=\"ez-toc-section\" id=\"Le_Vertex_le_defi_de_la_spirale\"><\/span>Le Vertex : le d\u00e9fi de la spirale<span class=\"ez-toc-section-end\"><\/span><\/h3>\n<p>La restauration du vertex repr\u00e9sente un d\u00e9fi technique majeur en raison de l&rsquo;implantation naturelle des cheveux en tourbillon. Cette zone exige souvent une quantit\u00e9 plus importante de greffons pour obtenir un rendu visuel suffisamment dense et harmonieux. <strong>Les chirurgiens doivent respecter scrupuleusement l&rsquo;inclinaison angulaire originale pour recr\u00e9er cette spirale complexe de mani\u00e8re totalement ind\u00e9tectable.<\/strong> Une mauvaise orientation des unit\u00e9s folliculaires brise malheureusement l&rsquo;aspect naturel et r\u00e9duit l&rsquo;effet de volume sur le sommet.<\/p>\n<p>Vous devez confier cette t\u00e2che d\u00e9licate \u00e0 un expert capable de planifier math\u00e9matiquement la r\u00e9partition des cheveux implant\u00e9s. Cette pr\u00e9cision chirurgicale garantit une couverture homog\u00e8ne malgr\u00e9 la divergence naturelle des tiges capillaires dans toutes les directions. Une strat\u00e9gie adapt\u00e9e assure finalement un r\u00e9sultat esth\u00e9tique satisfaisant qui redonne de la profondeur \u00e0 votre chevelure compl\u00e8te.<\/p>\n<h3><span class=\"ez-toc-section\" id=\"Alternatives_et_complements_de_densite\"><\/span>Alternatives et compl\u00e9ments de densit\u00e9<span class=\"ez-toc-section-end\"><\/span><\/h3>\n<p><img loading=\"lazy\" decoding=\"async\" class=\"aligncenter wp-image-16886\" src=\"https:\/\/www.capilclinic.fr\/blog\/wp-content\/uploads\/2025\/08\/resultat-greffe-de-cheveux-6-mois-300x204.jpg\" alt=\"\" width=\"600\" height=\"409\" srcset=\"https:\/\/www.capilclinic.fr\/blog\/wp-content\/uploads\/2025\/08\/resultat-greffe-de-cheveux-6-mois-300x204.jpg 300w, https:\/\/www.capilclinic.fr\/blog\/wp-content\/uploads\/2025\/08\/resultat-greffe-de-cheveux-6-mois-768x523.jpg 768w, https:\/\/www.capilclinic.fr\/blog\/wp-content\/uploads\/2025\/08\/resultat-greffe-de-cheveux-6-mois.jpg 931w\" sizes=\"auto, (max-width: 600px) 100vw, 600px\" \/><\/p>\n<p>La micropigmentation capillaire constitue une alternative innovante pour les patients dont la zone donneuse pr\u00e9sente des limites techniques majeures. <b>Si la zone donneuse est limit\u00e9e, la <a href=\"https:\/\/www.capilclinic.fr\/blog\/micropigmentation-capillaire\/\" target=\"_blank\" rel=\"noopener\">micropigmentation capillaire<\/a> peut servir de compl\u00e9ment visuel efficace<\/b> pour votre cuir chevelu. Cette m\u00e9thode utilise des pigments sp\u00e9cifiques pour simuler pr\u00e9cis\u00e9ment la pr\u00e9sence de follicules pileux sur les zones plus claires.<\/p>\n<p>Vous obtenez ainsi une illusion de densit\u00e9 parfaite sans avoir besoin de subir une nouvelle intervention chirurgicale trop lourde. Cette <strong>technique de maquillage<\/strong> permanent camoufle aussi les petites cicatrices visibles issues de vos pr\u00e9c\u00e9dentes op\u00e9rations de restauration capillaire. Un praticien qualifi\u00e9 harmonise les couleurs pour cr\u00e9er un rendu naturel qui s&rsquo;adapte totalement \u00e0 votre chevelure existante. Adopter cette solution hybride permet finalement de maximiser l&rsquo;impact esth\u00e9tique de votre <strong>greffe de cheveux<\/strong> avec une grande simplicit\u00e9.<\/p>\n<h2><span class=\"ez-toc-section\" id=\"Questions_frequentes\"><\/span>Questions fr\u00e9quentes<span class=\"ez-toc-section-end\"><\/span><\/h2>\n<h3><span class=\"ez-toc-section\" id=\"Quelle_est_la_densite_maximale_par_cm%C2%B2\"><\/span>Quelle est la densit\u00e9 maximale par cm\u00b2 ?<span class=\"ez-toc-section-end\"><\/span><\/h3>\n<p><strong>Les chirurgiens recommandent g\u00e9n\u00e9ralement une densit\u00e9 comprise entre trente-cinq et cinquante unit\u00e9s folliculaires par centim\u00e8tre carr\u00e9 de peau<\/strong>. Cette limite technique garantit une vascularisation suffisante pour assurer la survie maximale de chaque greffon implant\u00e9 durant l&rsquo;op\u00e9ration. D\u00e9passer ce seuil critique risque malheureusement de compromettre l&rsquo;apport en oxyg\u00e8ne n\u00e9cessaire \u00e0 la bonne repousse des cheveux.<\/p>\n<p>Une implantation trop serr\u00e9e provoque souvent des inflammations cutan\u00e9es persistantes qui nuisent au r\u00e9sultat esth\u00e9tique final de votre greffe. Un \u00e9quilibre biologique pr\u00e9cis permet d&rsquo;obtenir une couverture visuelle dense sans sacrifier la sant\u00e9 de votre cuir chevelu. Votre sp\u00e9cialiste adapte syst\u00e9matiquement cette densit\u00e9 en fonction des caract\u00e9ristiques uniques de votre propre zone donneuse de cheveux.<\/p>\n<h3><span class=\"ez-toc-section\" id=\"Peut-on_transplanter_trop_de_greffons_dun_coup\"><\/span>Peut-on transplanter trop de greffons d&rsquo;un coup ?<span class=\"ez-toc-section-end\"><\/span><\/h3>\n<p>Une implantation excessive de follicules durant une seule s\u00e9ance peut malheureusement provoquer une n\u00e9crose s\u00e9v\u00e8re des tissus cutan\u00e9s fragilis\u00e9s. Les chirurgiens doivent pr\u00e9server la vascularisation sanguine pour assurer la survie biologique de chaque greffon sur votre <strong>cuir chevelu.<\/strong><\/p>\n<p>Un pr\u00e9l\u00e8vement trop agressif \u00e9puise pr\u00e9matur\u00e9ment votre zone donneuse et limite les possibilit\u00e9s de futures interventions correctrices indispensables. La densit\u00e9 d\u00e9raisonnable \u00e9touffe litt\u00e9ralement les unit\u00e9s folliculaires voisines en r\u00e9duisant l&rsquo;apport en oxyg\u00e8ne n\u00e9cessaire \u00e0 leur repousse. Vous devez privil\u00e9gier une strat\u00e9gie progressive pour garantir un r\u00e9sultat esth\u00e9tique naturel sans compromettre votre <strong>sant\u00e9 capillaire globale<\/strong>.<\/p>\n<h3><span class=\"ez-toc-section\" id=\"Combien_coute_lintervention_selon_le_nombre_de_greffons\"><\/span>Combien co\u00fbte l&rsquo;intervention selon le nombre de greffons ?<span class=\"ez-toc-section-end\"><\/span><\/h3>\n<p><img loading=\"lazy\" decoding=\"async\" class=\"aligncenter wp-image-16913\" src=\"https:\/\/www.capilclinic.fr\/blog\/wp-content\/uploads\/2025\/08\/forfait-tout-compris-greffe-turquie-300x216.jpg\" alt=\"Forfait tout compris greffe de cheveux Turquie \u2013 transport, h\u00f4tel inclus\" width=\"600\" height=\"433\" srcset=\"https:\/\/www.capilclinic.fr\/blog\/wp-content\/uploads\/2025\/08\/forfait-tout-compris-greffe-turquie-300x216.jpg 300w, https:\/\/www.capilclinic.fr\/blog\/wp-content\/uploads\/2025\/08\/forfait-tout-compris-greffe-turquie.jpg 661w\" sizes=\"auto, (max-width: 600px) 100vw, 600px\" \/><\/p>\n<p>Le prix final de votre traitement d\u00e9pend g\u00e9n\u00e9ralement du nombre total d&rsquo;unit\u00e9s folliculaires extraites durant votre s\u00e9ance chirurgicale. La plupart des cliniques internationales proposent aujourd&rsquo;hui des forfaits fixes pour simplifier la facturation de votre restauration capillaire. Vous pouvez consulter notre guide d\u00e9taill\u00e9 pour savoir pr\u00e9cis\u00e9ment <strong><a href=\"https:\/\/www.capilclinic.fr\/blog\/combien-coute-une-greffe-de-cheveux\/\" target=\"_blank\" rel=\"noopener\">combien co\u00fbte une greffe de cheveux<\/a> <\/strong>actuellement. Un diagnostic m\u00e9dical complet permet d&rsquo;estimer avec exactitude le budget n\u00e9cessaire pour couvrir vos zones d\u00e9garnies avec succ\u00e8s.<\/p>\n<p>Les sp\u00e9cialistes adaptent leurs tarifs en fonction de la complexit\u00e9 technique de la m\u00e9thode de transplantation choisie pour vous. Cette clart\u00e9 financi\u00e8re vous aide \u00e0 planifier sereinement votre projet de transformation esth\u00e9tique sans aucune mauvaise surprise budg\u00e9taire. Votre chirurgien valide le devis personnalis\u00e9 apr\u00e8s avoir analys\u00e9 la densit\u00e9 de votre zone donneuse disponible aujourd&rsquo;hui.<\/p>\n<h3><span class=\"ez-toc-section\" id=\"Le_type_de_cheveu_influence-t-il_le_nombre_de_UF\"><\/span>Le type de cheveu influence-t-il le nombre de UF ?<span class=\"ez-toc-section-end\"><\/span><\/h3>\n<p>La texture naturelle de votre chevelure modifie consid\u00e9rablement la perception visuelle de la densit\u00e9 apr\u00e8s une <strong>greffe capillaire<\/strong>. Les cheveux boucl\u00e9s couvrent g\u00e9n\u00e9ralement une surface plus importante du cuir chevelu par rapport aux cheveux fins et lisses. Vous pouvez consulter les \u00e9tudes de la <a href=\"https:\/\/www.revmed.ch\" target=\"_blank\" rel=\"nofollow noopener\">Revue M\u00e9dicale Suisse<\/a> concernant les traitements modernes de<strong> l&rsquo;alop\u00e9cie androg\u00e9n\u00e9tique.<\/strong><\/p>\n<p>Un chirurgien adapte syst\u00e9matiquement le nombre d&rsquo;unit\u00e9s folliculaires en fonction de l&rsquo;\u00e9paisseur de votre propre tige capillaire individuelle. Cette analyse morphologique permet d&rsquo;obtenir un r\u00e9sultat esth\u00e9tique tr\u00e8s satisfaisant avec une quantit\u00e9 r\u00e9duite de greffons bien positionn\u00e9s. Votre type de cheveu d\u00e9termine donc directement la strat\u00e9gie chirurgicale pour assurer une couverture optimale de votre cr\u00e2ne.<\/p>\n<h2><span class=\"ez-toc-section\" id=\"Conclusion\"><\/span>Conclusion<span class=\"ez-toc-section-end\"><\/span><\/h2>\n<p>L&rsquo;analyse rigoureuse de vos besoins capillaires individuels constitue la base indispensable de toute restauration chirurgicale r\u00e9ussie et naturelle. <b>En fin de compte, comprendre votre propre greffe de cheveux nombre de uf par zone \u00e0 couvrir est le premier pas vers une restauration capillaire r\u00e9ussie et durable.<\/b> Un expert qualifi\u00e9 \u00e9value pr\u00e9cis\u00e9ment la densit\u00e9 de votre zone donneuse pour garantir une r\u00e9partition harmonieuse des greffons.<\/p>\n<p>Cette approche sur mesure permet de traiter efficacement chaque zone d\u00e9garnie tout en pr\u00e9servant durablement votre capital chevelu. Vous obtenez ainsi un r\u00e9sultat esth\u00e9tique ind\u00e9celable qui s&rsquo;accorde parfaitement avec la morphologie unique de votre visage actuel. Une planification m\u00e9dicale s\u00e9rieuse s\u00e9curise votre investissement et assure une repousse vigoureuse pour les nombreuses ann\u00e9es \u00e0 venir.<\/p>\n<p><b>Calculez vos besoins d\u00e8s maintenant ! <\/b>Obtenez un <a href=\"https:\/\/www.capilclinic.fr\/\" target=\"_blank\" rel=\"noopener\">diagnostic gratuit<\/a> et d\u00e9couvrez le nombre exact de greffons n\u00e9cessaires pour transformer votre chevelure.<\/p>\n","protected":false},"excerpt":{"rendered":"<p>L&rsquo;une des questions les plus fr\u00e9quentes lors d&rsquo;une consultation capillaire concerne la quantit\u00e9 de follicules n\u00e9cessaires pour obtenir un r\u00e9sultat esth\u00e9tique satisfaisant. D\u00e9terminer avec pr\u00e9cision&hellip; <\/p>\n","protected":false},"author":10,"featured_media":17699,"comment_status":"open","ping_status":"open","sticky":false,"template":"","format":"standard","meta":{"footnotes":""},"categories":[1],"tags":[],"class_list":["post-17695","post","type-post","status-publish","format-standard","has-post-thumbnail","hentry","category-greffe-de-cheveux"],"yoast_head":"<!-- This site is optimized with the Yoast SEO plugin v28.4 - https:\/\/yoast.com\/product\/yoast-seo-wordpress\/ -->\n<title>Greffe de cheveux : Nombre de UF par zone \u00e0 couvrir - Capilclinic \u2714\ufe0f<\/title>\n<meta name=\"description\" content=\"Guide complet sur la greffe de cheveux nombre de uf par zone \u00e0 couvrir pour obtenir une densit\u00e9 naturelle et optimale.\" \/>\n<meta name=\"robots\" content=\"index, follow, max-snippet:-1, max-image-preview:large, max-video-preview:-1\" \/>\n<link rel=\"canonical\" href=\"https:\/\/www.capilclinic.fr\/blog\/greffe-de-cheveux-nombre-de-uf-par-zone-a-couvrir\/\" \/>\n<meta property=\"og:locale\" content=\"fr_FR\" \/>\n<meta property=\"og:type\" content=\"article\" \/>\n<meta property=\"og:title\" content=\"Greffe de cheveux : Nombre de UF par zone \u00e0 couvrir - Capilclinic \u2714\ufe0f\" \/>\n<meta property=\"og:description\" content=\"Guide complet sur la greffe de cheveux nombre de uf par zone \u00e0 couvrir pour obtenir une densit\u00e9 naturelle et optimale.\" \/>\n<meta property=\"og:url\" content=\"https:\/\/www.capilclinic.fr\/blog\/greffe-de-cheveux-nombre-de-uf-par-zone-a-couvrir\/\" \/>\n<meta property=\"og:site_name\" content=\"CapilClinic\" \/>\n<meta property=\"article:publisher\" content=\"https:\/\/www.facebook.com\/capilClinicIT\/\" \/>\n<meta property=\"article:published_time\" content=\"2026-09-02T05:59:12+00:00\" \/>\n<meta property=\"article:modified_time\" content=\"2026-09-03T12:36:20+00:00\" \/>\n<meta property=\"og:image\" content=\"https:\/\/www.capilclinic.fr\/blog\/wp-content\/uploads\/2026\/05\/Greffe-de-cheveux-nombre-de-UF-par-zone-a-couvrir.jpg\" \/>\n\t<meta property=\"og:image:width\" content=\"758\" \/>\n\t<meta property=\"og:image:height\" content=\"477\" \/>\n\t<meta property=\"og:image:type\" content=\"image\/jpeg\" \/>\n<meta name=\"author\" content=\"CapilClinic Medical Team\" \/>\n<meta name=\"twitter:card\" content=\"summary_large_image\" \/>\n<meta name=\"twitter:label1\" content=\"\u00c9crit par\" \/>\n\t<meta name=\"twitter:data1\" content=\"CapilClinic Medical Team\" \/>\n\t<meta name=\"twitter:label2\" content=\"Dur\u00e9e de lecture estim\u00e9e\" \/>\n\t<meta name=\"twitter:data2\" content=\"12 minutes\" \/>\n<script type=\"application\/ld+json\" class=\"yoast-schema-graph\">{\"@context\":\"https:\\\/\\\/schema.org\",\"@graph\":[{\"@type\":\"Article\",\"@id\":\"https:\\\/\\\/www.capilclinic.fr\\\/blog\\\/greffe-de-cheveux-nombre-de-uf-par-zone-a-couvrir\\\/#article\",\"isPartOf\":{\"@id\":\"https:\\\/\\\/www.capilclinic.fr\\\/blog\\\/greffe-de-cheveux-nombre-de-uf-par-zone-a-couvrir\\\/\"},\"author\":{\"name\":\"CapilClinic Medical Team\",\"@id\":\"https:\\\/\\\/www.capilclinic.fr\\\/blog\\\/#\\\/schema\\\/person\\\/335ff840926215018a4e81f5432d5363\"},\"headline\":\"Greffe de cheveux : nombre de UF par zone \u00e0 couvrir\",\"datePublished\":\"2026-09-02T05:59:12+00:00\",\"dateModified\":\"2026-09-03T12:36:20+00:00\",\"mainEntityOfPage\":{\"@id\":\"https:\\\/\\\/www.capilclinic.fr\\\/blog\\\/greffe-de-cheveux-nombre-de-uf-par-zone-a-couvrir\\\/\"},\"wordCount\":2161,\"commentCount\":0,\"publisher\":{\"@id\":\"https:\\\/\\\/www.capilclinic.fr\\\/blog\\\/#organization\"},\"image\":{\"@id\":\"https:\\\/\\\/www.capilclinic.fr\\\/blog\\\/greffe-de-cheveux-nombre-de-uf-par-zone-a-couvrir\\\/#primaryimage\"},\"thumbnailUrl\":\"https:\\\/\\\/www.capilclinic.fr\\\/blog\\\/wp-content\\\/uploads\\\/2026\\\/05\\\/Greffe-de-cheveux-nombre-de-UF-par-zone-a-couvrir.jpg\",\"articleSection\":[\"Greffe de cheveux\"],\"inLanguage\":\"fr-FR\",\"potentialAction\":[{\"@type\":\"CommentAction\",\"name\":\"Comment\",\"target\":[\"https:\\\/\\\/www.capilclinic.fr\\\/blog\\\/greffe-de-cheveux-nombre-de-uf-par-zone-a-couvrir\\\/#respond\"]}]},{\"@type\":[\"WebPage\",\"MedicalWebPage\"],\"@id\":\"https:\\\/\\\/www.capilclinic.fr\\\/blog\\\/greffe-de-cheveux-nombre-de-uf-par-zone-a-couvrir\\\/\",\"url\":\"https:\\\/\\\/www.capilclinic.fr\\\/blog\\\/greffe-de-cheveux-nombre-de-uf-par-zone-a-couvrir\\\/\",\"name\":\"Greffe de cheveux : Nombre de UF par zone \u00e0 couvrir - Capilclinic \u2714\ufe0f\",\"isPartOf\":{\"@id\":\"https:\\\/\\\/www.capilclinic.fr\\\/blog\\\/#website\"},\"primaryImageOfPage\":{\"@id\":\"https:\\\/\\\/www.capilclinic.fr\\\/blog\\\/greffe-de-cheveux-nombre-de-uf-par-zone-a-couvrir\\\/#primaryimage\"},\"image\":{\"@id\":\"https:\\\/\\\/www.capilclinic.fr\\\/blog\\\/greffe-de-cheveux-nombre-de-uf-par-zone-a-couvrir\\\/#primaryimage\"},\"thumbnailUrl\":\"https:\\\/\\\/www.capilclinic.fr\\\/blog\\\/wp-content\\\/uploads\\\/2026\\\/05\\\/Greffe-de-cheveux-nombre-de-UF-par-zone-a-couvrir.jpg\",\"datePublished\":\"2026-09-02T05:59:12+00:00\",\"dateModified\":\"2026-09-03T12:36:20+00:00\",\"description\":\"Guide complet sur la greffe de cheveux nombre de uf par zone \u00e0 couvrir pour obtenir une densit\u00e9 naturelle et optimale.\",\"breadcrumb\":{\"@id\":\"https:\\\/\\\/www.capilclinic.fr\\\/blog\\\/greffe-de-cheveux-nombre-de-uf-par-zone-a-couvrir\\\/#breadcrumb\"},\"inLanguage\":\"fr-FR\",\"potentialAction\":[{\"@type\":\"ReadAction\",\"target\":[\"https:\\\/\\\/www.capilclinic.fr\\\/blog\\\/greffe-de-cheveux-nombre-de-uf-par-zone-a-couvrir\\\/\"]}]},{\"@type\":\"ImageObject\",\"inLanguage\":\"fr-FR\",\"@id\":\"https:\\\/\\\/www.capilclinic.fr\\\/blog\\\/greffe-de-cheveux-nombre-de-uf-par-zone-a-couvrir\\\/#primaryimage\",\"url\":\"https:\\\/\\\/www.capilclinic.fr\\\/blog\\\/wp-content\\\/uploads\\\/2026\\\/05\\\/Greffe-de-cheveux-nombre-de-UF-par-zone-a-couvrir.jpg\",\"contentUrl\":\"https:\\\/\\\/www.capilclinic.fr\\\/blog\\\/wp-content\\\/uploads\\\/2026\\\/05\\\/Greffe-de-cheveux-nombre-de-UF-par-zone-a-couvrir.jpg\",\"width\":758,\"height\":477,\"caption\":\"Greffe de cheveux : nombre de UF par zone \u00e0 couvrir\"},{\"@type\":\"BreadcrumbList\",\"@id\":\"https:\\\/\\\/www.capilclinic.fr\\\/blog\\\/greffe-de-cheveux-nombre-de-uf-par-zone-a-couvrir\\\/#breadcrumb\",\"itemListElement\":[{\"@type\":\"ListItem\",\"position\":1,\"name\":\"Accueil\",\"item\":\"https:\\\/\\\/www.capilclinic.fr\\\/blog\\\/\"},{\"@type\":\"ListItem\",\"position\":2,\"name\":\"Greffe de cheveux\",\"item\":\"https:\\\/\\\/www.capilclinic.fr\\\/blog\\\/category\\\/greffe-de-cheveux\\\/\"},{\"@type\":\"ListItem\",\"position\":3,\"name\":\"Greffe de cheveux : nombre de UF par zone \u00e0 couvrir\"}]},{\"@type\":\"WebSite\",\"@id\":\"https:\\\/\\\/www.capilclinic.fr\\\/blog\\\/#website\",\"url\":\"https:\\\/\\\/www.capilclinic.fr\\\/blog\\\/\",\"name\":\"CapilClinic\",\"description\":\"Blog CapilClinic\",\"publisher\":{\"@id\":\"https:\\\/\\\/www.capilclinic.fr\\\/blog\\\/#organization\"},\"potentialAction\":[{\"@type\":\"SearchAction\",\"target\":{\"@type\":\"EntryPoint\",\"urlTemplate\":\"https:\\\/\\\/www.capilclinic.fr\\\/blog\\\/?s={search_term_string}\"},\"query-input\":{\"@type\":\"PropertyValueSpecification\",\"valueRequired\":true,\"valueName\":\"search_term_string\"}}],\"inLanguage\":\"fr-FR\"},{\"@type\":\"Organization\",\"@id\":\"https:\\\/\\\/www.capilclinic.fr\\\/blog\\\/#organization\",\"name\":\"Capilclinic\",\"url\":\"https:\\\/\\\/www.capilclinic.fr\\\/blog\\\/\",\"logo\":{\"@type\":\"ImageObject\",\"inLanguage\":\"fr-FR\",\"@id\":\"https:\\\/\\\/www.capilclinic.fr\\\/blog\\\/#\\\/schema\\\/logo\\\/image\\\/\",\"url\":\"https:\\\/\\\/www.capilclinic.fr\\\/blog\\\/wp-content\\\/uploads\\\/2021\\\/01\\\/logonoir.png\",\"contentUrl\":\"https:\\\/\\\/www.capilclinic.fr\\\/blog\\\/wp-content\\\/uploads\\\/2021\\\/01\\\/logonoir.png\",\"width\":625,\"height\":171,\"caption\":\"Capilclinic\"},\"image\":{\"@id\":\"https:\\\/\\\/www.capilclinic.fr\\\/blog\\\/#\\\/schema\\\/logo\\\/image\\\/\"},\"sameAs\":[\"https:\\\/\\\/www.facebook.com\\\/capilClinicIT\\\/\",\"https:\\\/\\\/www.instagram.com\\\/capilclinic_italia\\\/\",\"https:\\\/\\\/www.youtube.com\\\/channel\\\/UCJ8PacDqP-W2mmCVpJmx6Vw\"]},{\"@type\":\"Person\",\"@id\":\"https:\\\/\\\/www.capilclinic.fr\\\/blog\\\/#\\\/schema\\\/person\\\/335ff840926215018a4e81f5432d5363\",\"name\":\"CapilClinic Medical Team\",\"image\":{\"@type\":\"ImageObject\",\"inLanguage\":\"fr-FR\",\"@id\":\"https:\\\/\\\/secure.gravatar.com\\\/avatar\\\/2bd161330257527ffee776c31a3591da78b14e31acedda86ca9b05fb99fcdb36?s=96&d=mm&r=g\",\"url\":\"https:\\\/\\\/secure.gravatar.com\\\/avatar\\\/2bd161330257527ffee776c31a3591da78b14e31acedda86ca9b05fb99fcdb36?s=96&d=mm&r=g\",\"contentUrl\":\"https:\\\/\\\/secure.gravatar.com\\\/avatar\\\/2bd161330257527ffee776c31a3591da78b14e31acedda86ca9b05fb99fcdb36?s=96&d=mm&r=g\",\"caption\":\"CapilClinic Medical Team\"},\"description\":\"Experts en greffe de cheveux et soins capillaires chez CapilClinic, leader en solutions contre l'alop\u00e9cie \u00e0 Paris et Istanbul.\"}]}<\/script>\n<!-- \/ Yoast SEO plugin. -->","yoast_head_json":{"title":"Greffe de cheveux : Nombre de UF par zone \u00e0 couvrir - Capilclinic \u2714\ufe0f","description":"Guide complet sur la greffe de cheveux nombre de uf par zone \u00e0 couvrir pour obtenir une densit\u00e9 naturelle et optimale.","robots":{"index":"index","follow":"follow","max-snippet":"max-snippet:-1","max-image-preview":"max-image-preview:large","max-video-preview":"max-video-preview:-1"},"canonical":"https:\/\/www.capilclinic.fr\/blog\/greffe-de-cheveux-nombre-de-uf-par-zone-a-couvrir\/","og_locale":"fr_FR","og_type":"article","og_title":"Greffe de cheveux : Nombre de UF par zone \u00e0 couvrir - Capilclinic \u2714\ufe0f","og_description":"Guide complet sur la greffe de cheveux nombre de uf par zone \u00e0 couvrir pour obtenir une densit\u00e9 naturelle et optimale.","og_url":"https:\/\/www.capilclinic.fr\/blog\/greffe-de-cheveux-nombre-de-uf-par-zone-a-couvrir\/","og_site_name":"CapilClinic","article_publisher":"https:\/\/www.facebook.com\/capilClinicIT\/","article_published_time":"2026-09-02T05:59:12+00:00","article_modified_time":"2026-09-03T12:36:20+00:00","og_image":[{"width":758,"height":477,"url":"https:\/\/www.capilclinic.fr\/blog\/wp-content\/uploads\/2026\/05\/Greffe-de-cheveux-nombre-de-UF-par-zone-a-couvrir.jpg","type":"image\/jpeg"}],"author":"CapilClinic Medical Team","twitter_card":"summary_large_image","twitter_misc":{"\u00c9crit par":"CapilClinic Medical Team","Dur\u00e9e de lecture estim\u00e9e":"12 minutes"},"schema":{"@context":"https:\/\/schema.org","@graph":[{"@type":"Article","@id":"https:\/\/www.capilclinic.fr\/blog\/greffe-de-cheveux-nombre-de-uf-par-zone-a-couvrir\/#article","isPartOf":{"@id":"https:\/\/www.capilclinic.fr\/blog\/greffe-de-cheveux-nombre-de-uf-par-zone-a-couvrir\/"},"author":{"name":"CapilClinic Medical Team","@id":"https:\/\/www.capilclinic.fr\/blog\/#\/schema\/person\/335ff840926215018a4e81f5432d5363"},"headline":"Greffe de cheveux : nombre de UF par zone \u00e0 couvrir","datePublished":"2026-09-02T05:59:12+00:00","dateModified":"2026-09-03T12:36:20+00:00","mainEntityOfPage":{"@id":"https:\/\/www.capilclinic.fr\/blog\/greffe-de-cheveux-nombre-de-uf-par-zone-a-couvrir\/"},"wordCount":2161,"commentCount":0,"publisher":{"@id":"https:\/\/www.capilclinic.fr\/blog\/#organization"},"image":{"@id":"https:\/\/www.capilclinic.fr\/blog\/greffe-de-cheveux-nombre-de-uf-par-zone-a-couvrir\/#primaryimage"},"thumbnailUrl":"https:\/\/www.capilclinic.fr\/blog\/wp-content\/uploads\/2026\/05\/Greffe-de-cheveux-nombre-de-UF-par-zone-a-couvrir.jpg","articleSection":["Greffe de cheveux"],"inLanguage":"fr-FR","potentialAction":[{"@type":"CommentAction","name":"Comment","target":["https:\/\/www.capilclinic.fr\/blog\/greffe-de-cheveux-nombre-de-uf-par-zone-a-couvrir\/#respond"]}]},{"@type":["WebPage","MedicalWebPage"],"@id":"https:\/\/www.capilclinic.fr\/blog\/greffe-de-cheveux-nombre-de-uf-par-zone-a-couvrir\/","url":"https:\/\/www.capilclinic.fr\/blog\/greffe-de-cheveux-nombre-de-uf-par-zone-a-couvrir\/","name":"Greffe de cheveux : Nombre de UF par zone \u00e0 couvrir - Capilclinic \u2714\ufe0f","isPartOf":{"@id":"https:\/\/www.capilclinic.fr\/blog\/#website"},"primaryImageOfPage":{"@id":"https:\/\/www.capilclinic.fr\/blog\/greffe-de-cheveux-nombre-de-uf-par-zone-a-couvrir\/#primaryimage"},"image":{"@id":"https:\/\/www.capilclinic.fr\/blog\/greffe-de-cheveux-nombre-de-uf-par-zone-a-couvrir\/#primaryimage"},"thumbnailUrl":"https:\/\/www.capilclinic.fr\/blog\/wp-content\/uploads\/2026\/05\/Greffe-de-cheveux-nombre-de-UF-par-zone-a-couvrir.jpg","datePublished":"2026-09-02T05:59:12+00:00","dateModified":"2026-09-03T12:36:20+00:00","description":"Guide complet sur la greffe de cheveux nombre de uf par zone \u00e0 couvrir pour obtenir une densit\u00e9 naturelle et optimale.","breadcrumb":{"@id":"https:\/\/www.capilclinic.fr\/blog\/greffe-de-cheveux-nombre-de-uf-par-zone-a-couvrir\/#breadcrumb"},"inLanguage":"fr-FR","potentialAction":[{"@type":"ReadAction","target":["https:\/\/www.capilclinic.fr\/blog\/greffe-de-cheveux-nombre-de-uf-par-zone-a-couvrir\/"]}]},{"@type":"ImageObject","inLanguage":"fr-FR","@id":"https:\/\/www.capilclinic.fr\/blog\/greffe-de-cheveux-nombre-de-uf-par-zone-a-couvrir\/#primaryimage","url":"https:\/\/www.capilclinic.fr\/blog\/wp-content\/uploads\/2026\/05\/Greffe-de-cheveux-nombre-de-UF-par-zone-a-couvrir.jpg","contentUrl":"https:\/\/www.capilclinic.fr\/blog\/wp-content\/uploads\/2026\/05\/Greffe-de-cheveux-nombre-de-UF-par-zone-a-couvrir.jpg","width":758,"height":477,"caption":"Greffe de cheveux : nombre de UF par zone \u00e0 couvrir"},{"@type":"BreadcrumbList","@id":"https:\/\/www.capilclinic.fr\/blog\/greffe-de-cheveux-nombre-de-uf-par-zone-a-couvrir\/#breadcrumb","itemListElement":[{"@type":"ListItem","position":1,"name":"Accueil","item":"https:\/\/www.capilclinic.fr\/blog\/"},{"@type":"ListItem","position":2,"name":"Greffe de cheveux","item":"https:\/\/www.capilclinic.fr\/blog\/category\/greffe-de-cheveux\/"},{"@type":"ListItem","position":3,"name":"Greffe de cheveux : nombre de UF par zone \u00e0 couvrir"}]},{"@type":"WebSite","@id":"https:\/\/www.capilclinic.fr\/blog\/#website","url":"https:\/\/www.capilclinic.fr\/blog\/","name":"CapilClinic","description":"Blog CapilClinic","publisher":{"@id":"https:\/\/www.capilclinic.fr\/blog\/#organization"},"potentialAction":[{"@type":"SearchAction","target":{"@type":"EntryPoint","urlTemplate":"https:\/\/www.capilclinic.fr\/blog\/?s={search_term_string}"},"query-input":{"@type":"PropertyValueSpecification","valueRequired":true,"valueName":"search_term_string"}}],"inLanguage":"fr-FR"},{"@type":"Organization","@id":"https:\/\/www.capilclinic.fr\/blog\/#organization","name":"Capilclinic","url":"https:\/\/www.capilclinic.fr\/blog\/","logo":{"@type":"ImageObject","inLanguage":"fr-FR","@id":"https:\/\/www.capilclinic.fr\/blog\/#\/schema\/logo\/image\/","url":"https:\/\/www.capilclinic.fr\/blog\/wp-content\/uploads\/2021\/01\/logonoir.png","contentUrl":"https:\/\/www.capilclinic.fr\/blog\/wp-content\/uploads\/2021\/01\/logonoir.png","width":625,"height":171,"caption":"Capilclinic"},"image":{"@id":"https:\/\/www.capilclinic.fr\/blog\/#\/schema\/logo\/image\/"},"sameAs":["https:\/\/www.facebook.com\/capilClinicIT\/","https:\/\/www.instagram.com\/capilclinic_italia\/","https:\/\/www.youtube.com\/channel\/UCJ8PacDqP-W2mmCVpJmx6Vw"]},{"@type":"Person","@id":"https:\/\/www.capilclinic.fr\/blog\/#\/schema\/person\/335ff840926215018a4e81f5432d5363","name":"CapilClinic Medical Team","image":{"@type":"ImageObject","inLanguage":"fr-FR","@id":"https:\/\/secure.gravatar.com\/avatar\/2bd161330257527ffee776c31a3591da78b14e31acedda86ca9b05fb99fcdb36?s=96&d=mm&r=g","url":"https:\/\/secure.gravatar.com\/avatar\/2bd161330257527ffee776c31a3591da78b14e31acedda86ca9b05fb99fcdb36?s=96&d=mm&r=g","contentUrl":"https:\/\/secure.gravatar.com\/avatar\/2bd161330257527ffee776c31a3591da78b14e31acedda86ca9b05fb99fcdb36?s=96&d=mm&r=g","caption":"CapilClinic Medical Team"},"description":"Experts en greffe de cheveux et soins capillaires chez CapilClinic, leader en solutions contre l'alop\u00e9cie \u00e0 Paris et Istanbul."}]}},"_links":{"self":[{"href":"https:\/\/www.capilclinic.fr\/blog\/wp-json\/wp\/v2\/posts\/17695","targetHints":{"allow":["GET"]}}],"collection":[{"href":"https:\/\/www.capilclinic.fr\/blog\/wp-json\/wp\/v2\/posts"}],"about":[{"href":"https:\/\/www.capilclinic.fr\/blog\/wp-json\/wp\/v2\/types\/post"}],"author":[{"embeddable":true,"href":"https:\/\/www.capilclinic.fr\/blog\/wp-json\/wp\/v2\/users\/10"}],"replies":[{"embeddable":true,"href":"https:\/\/www.capilclinic.fr\/blog\/wp-json\/wp\/v2\/comments?post=17695"}],"version-history":[{"count":6,"href":"https:\/\/www.capilclinic.fr\/blog\/wp-json\/wp\/v2\/posts\/17695\/revisions"}],"predecessor-version":[{"id":17849,"href":"https:\/\/www.capilclinic.fr\/blog\/wp-json\/wp\/v2\/posts\/17695\/revisions\/17849"}],"wp:featuredmedia":[{"embeddable":true,"href":"https:\/\/www.capilclinic.fr\/blog\/wp-json\/wp\/v2\/media\/17699"}],"wp:attachment":[{"href":"https:\/\/www.capilclinic.fr\/blog\/wp-json\/wp\/v2\/media?parent=17695"}],"wp:term":[{"taxonomy":"category","embeddable":true,"href":"https:\/\/www.capilclinic.fr\/blog\/wp-json\/wp\/v2\/categories?post=17695"},{"taxonomy":"post_tag","embeddable":true,"href":"https:\/\/www.capilclinic.fr\/blog\/wp-json\/wp\/v2\/tags?post=17695"}],"curies":[{"name":"wp","href":"https:\/\/api.w.org\/{rel}","templated":true}]}}